{"id":2242,"date":"2022-01-24T12:11:32","date_gmt":"2022-01-24T11:11:32","guid":{"rendered":"https:\/\/fundacionshe.org\/healthycommunities2030\/?p=2242"},"modified":"2022-01-24T12:11:32","modified_gmt":"2022-01-24T11:11:32","slug":"enviament-de-la-segona-tanda-de-cartes-a-sallent-i-cardona","status":"publish","type":"post","link":"https:\/\/fundacionshe.org\/healthycommunities2030\/enviament-de-la-segona-tanda-de-cartes-a-sallent-i-cardona\/","title":{"rendered":"Enviament de la segona tanda de cartes a Sallent i Cardona i inici dels tallers formatius."},"content":{"rendered":"<h2>Ja hem enviat <strong>la segona tanda de cartes a la poblaci\u00f3 sallentina i cardonina<\/strong>, en la qual informem a les persones que han estat seleccionades per formar part del projecte Healthy Communities.<\/h2>\n<p>El passat mes d\u2019octubre de 2021 es va fer la primera tanda d\u2019enviaments tant a Cardona com a Sallent, al primer grup d\u2019adults -de 18 a 67 anys- i a la franja d\u2019edat m\u00e9s jove -de 12 a 17 anys-. La resposta d\u2019ambdues poblacions va ser molt favorable i el 20 d\u2019octubre es van iniciar els mesuraments dels indicadors de salut als primers ve\u00efns i ve\u00efnes que van acceptar participar a l\u2019estudi cient\u00edfic.<\/p>\n<p><img loading=\"lazy\" class=\"wp-image-2244 alignleft\" src=\"https:\/\/fundacionshe.org\/healthycommunities2030\/wp-content\/uploads\/2022\/01\/1-300x169.png\" alt=\"Healthy Communities 1\" width=\"544\" height=\"307\" srcset=\"https:\/\/fundacionshe.org\/healthycommunities2030\/wp-content\/uploads\/2022\/01\/1-300x169.png 300w, https:\/\/fundacionshe.org\/healthycommunities2030\/wp-content\/uploads\/2022\/01\/1-1024x576.png 1024w, https:\/\/fundacionshe.org\/healthycommunities2030\/wp-content\/uploads\/2022\/01\/1-768x432.png 768w, https:\/\/fundacionshe.org\/healthycommunities2030\/wp-content\/uploads\/2022\/01\/1-1536x864.png 1536w, https:\/\/fundacionshe.org\/healthycommunities2030\/wp-content\/uploads\/2022\/01\/1-2048x1151.png 2048w\" sizes=\"(max-width: 544px) 100vw, 544px\" \/><img loading=\"lazy\" class=\"wp-image-2245 alignleft\" src=\"https:\/\/fundacionshe.org\/healthycommunities2030\/wp-content\/uploads\/2022\/01\/2-300x219.png\" alt=\"Healthy Communities 2\" width=\"422\" height=\"308\" srcset=\"https:\/\/fundacionshe.org\/healthycommunities2030\/wp-content\/uploads\/2022\/01\/2-300x219.png 300w, https:\/\/fundacionshe.org\/healthycommunities2030\/wp-content\/uploads\/2022\/01\/2-1024x746.png 1024w, https:\/\/fundacionshe.org\/healthycommunities2030\/wp-content\/uploads\/2022\/01\/2-768x560.png 768w, https:\/\/fundacionshe.org\/healthycommunities2030\/wp-content\/uploads\/2022\/01\/2-1536x1120.png 1536w, https:\/\/fundacionshe.org\/healthycommunities2030\/wp-content\/uploads\/2022\/01\/2-2048x1493.png 2048w\" sizes=\"(max-width: 422px) 100vw, 422px\" \/><\/p>\n<p>Durant el mes de novembre, l\u2019equip m\u00e8dic de Healthy Communities es <strong>va traslladar als centres educatius <\/strong>per realitzar les proves i els q\u00fcestionaris d\u2019h\u00e0bits saludables als alumnes seleccionats. Als centres educatius de Cardona, l\u2019IES Sant Ramon i l\u2019Escola Vedruna, es van mesurar un total de 140 alumnes, i a Sallent, un total de 73 alumnes de l\u2019IES Llobregat.<\/p>\n<p><img loading=\"lazy\" class=\"alignnone wp-image-2247\" src=\"https:\/\/fundacionshe.org\/healthycommunities2030\/wp-content\/uploads\/2022\/01\/4-300x225.jpg\" alt=\"\" width=\"482\" height=\"362\" srcset=\"https:\/\/fundacionshe.org\/healthycommunities2030\/wp-content\/uploads\/2022\/01\/4-300x225.jpg 300w, https:\/\/fundacionshe.org\/healthycommunities2030\/wp-content\/uploads\/2022\/01\/4-1024x768.jpg 1024w, https:\/\/fundacionshe.org\/healthycommunities2030\/wp-content\/uploads\/2022\/01\/4-768x576.jpg 768w, https:\/\/fundacionshe.org\/healthycommunities2030\/wp-content\/uploads\/2022\/01\/4-1536x1152.jpg 1536w, https:\/\/fundacionshe.org\/healthycommunities2030\/wp-content\/uploads\/2022\/01\/4-2048x1536.jpg 2048w\" sizes=\"(max-width: 482px) 100vw, 482px\" \/>\u00a0 \u00a0 <img loading=\"lazy\" class=\"alignnone wp-image-2246\" src=\"https:\/\/fundacionshe.org\/healthycommunities2030\/wp-content\/uploads\/2022\/01\/3-300x225.jpg\" alt=\"\" width=\"481\" height=\"361\" srcset=\"https:\/\/fundacionshe.org\/healthycommunities2030\/wp-content\/uploads\/2022\/01\/3-300x225.jpg 300w, https:\/\/fundacionshe.org\/healthycommunities2030\/wp-content\/uploads\/2022\/01\/3-1024x768.jpg 1024w, https:\/\/fundacionshe.org\/healthycommunities2030\/wp-content\/uploads\/2022\/01\/3-768x576.jpg 768w, https:\/\/fundacionshe.org\/healthycommunities2030\/wp-content\/uploads\/2022\/01\/3-1536x1152.jpg 1536w, https:\/\/fundacionshe.org\/healthycommunities2030\/wp-content\/uploads\/2022\/01\/3-2048x1536.jpg 2048w\" sizes=\"(max-width: 481px) 100vw, 481px\" \/><\/p>\n<p>Durant els mesos de desembre i gener, paral\u00b7lelament amb els mesuraments de salut, s\u2019ha fet la segona tanda d\u2019enviament de cartes a Sallent i Cardona. En aquest s\u2019ha informat a 900 persones corresponents al segon i tercer grup d\u2019adults, de 18 a 67 anys, tant de Cardona com de Sallent. Encara quedar\u00e0 pendent una tercera tanda d\u2019enviaments que es far\u00e0 al mar\u00e7 del 2022.<\/p>\n<p>Tamb\u00e9 durant aquest mes de gener <strong>s\u2019han iniciat els programes d\u2019intervenci\u00f3 comunit\u00e0ria<\/strong> per a la millora de la salut. En aquest cas, Cardona, la poblaci\u00f3 intervenci\u00f3, ha comen\u00e7at els tallers formatius dirigits a aquells participants que ja s\u2019han mesurat a finals de 2021 i que formen part dels primers grups de treball classificats per franges d\u2019edat.<\/p>\n<p><strong>En qu\u00e8 consisteixen els programes d\u2019intervenci\u00f3 comunit\u00e0ria?<\/strong><\/p>\n<p>Es tracta de donar est\u00edmuls per millorar els h\u00e0bits de vida dels participants del projecte a trav\u00e9s dels tallers formatius. Aquests es basen principalment en dos programes promoguts per la Fundaci\u00f3 SHE \u2013 Fundaci\u00f3 \u201dla Caixa\u201d que ja s\u2019han dut a terme a Cardona i a altres localitats de l\u2019Estat Espanyol anteriorment i dels quals ja s\u2019ha pogut demostrar la seva efic\u00e0cia. S\u00f3n el Programa SI! de Salut Integral, per a nens i adolescents de 3 a 16 anys, i el Programa Fifty-Fifty, per a adults.<\/p>\n<p>Durant els tallers s\u2019aborden temes com l\u2019alimentaci\u00f3 saludable, el canvi d\u2019h\u00e0bits, la vida activa i el benestar emocional. La majoria d&#8217;aquests tallers es duen a terme online i, per aquest motiu, la p\u00e0gina web del projecte, <a href=\"https:\/\/fundacionshe.org\/healthycommunities2030\/\"><em>healthycommunities.org<\/em><\/a> adquireix molt protagonisme en aquesta nova fase del projecte, convertint-se en el lloc de trobada on els participants tenen la seva \u00e0rea privada per treballar amb els materials indicats.<\/p>\n<p>Sallent, en canvi, com a <strong>poblaci\u00f3 control<\/strong>, es beneficia dels informes de salut individuals que es proporcionen a cada participant despr\u00e9s dels mesuraments. Aquesta localitat assumeix un paper essencial en el projecte, ja que resulta clau per establir una comparativa cient\u00edfica i rigorosa entre els dos municipis.<\/p>\n<p>En definitiva, s\u2019inicia una nova fase de l\u2019estudi cient\u00edfic que pret\u00e9n comprovar cient\u00edficament l\u2019impacte i l\u2019efic\u00e0cia de l\u2019estrat\u00e8gia dissenyada pel Dr. Valent\u00ed Fuster \u2011basada en un model d\u2019intervenci\u00f3 integral\u2011 sobre la salut de les persones a totes les etapes de la vida, amb la idea d\u2019establir un model que pugui ser reprodu\u00efble a qualsevol altre lloc del m\u00f3n. Tal i com diu el Dr. Valent\u00ed Fuster: <em>\u201cAl Programa Healthy Communities els propis habitants de la comunitat promouen el canvi de paradigma de salut de la ciutat\u201d. \u00a0\u00a0\u00a0\u00a0\u00a0\u00a0\u00a0\u00a0\u00a0\u00a0 <\/em><\/p>\n<p><strong>Qu\u00e8 has de fer si reps la carta en els pr\u00f2xims dies? <\/strong><\/p>\n<p>Segueix les instruccions que t\u2019indica en el document. En el cas que accedeixis a participar, has de trucar al tel\u00e8fon d\u2019atenci\u00f3 que t\u2019apareix a la carta o enviar un correu a <a href=\"mailto:hc2030@fundacionshe.org\">hc2030@fundacionshe.org<\/a>. Tot seguit, et confirmaran que est\u00e0s dins del projecte i gestionaran la teva cita pels mesuraments de salut al Centre C\u00edvic de Cardona o al Viver d\u2019Empreses de Sallent.<\/p>\n<p><img loading=\"lazy\" class=\"alignnone wp-image-2248\" src=\"https:\/\/fundacionshe.org\/healthycommunities2030\/wp-content\/uploads\/2022\/01\/5-300x167.png\" alt=\"\" width=\"501\" height=\"279\" srcset=\"https:\/\/fundacionshe.org\/healthycommunities2030\/wp-content\/uploads\/2022\/01\/5-300x167.png 300w, https:\/\/fundacionshe.org\/healthycommunities2030\/wp-content\/uploads\/2022\/01\/5-1024x571.png 1024w, https:\/\/fundacionshe.org\/healthycommunities2030\/wp-content\/uploads\/2022\/01\/5-768x429.png 768w, https:\/\/fundacionshe.org\/healthycommunities2030\/wp-content\/uploads\/2022\/01\/5-1536x857.png 1536w, https:\/\/fundacionshe.org\/healthycommunities2030\/wp-content\/uploads\/2022\/01\/5-2048x1143.png 2048w\" sizes=\"(max-width: 501px) 100vw, 501px\" \/>\u00a0 <img loading=\"lazy\" class=\"alignnone wp-image-2249\" src=\"https:\/\/fundacionshe.org\/healthycommunities2030\/wp-content\/uploads\/2022\/01\/6-300x173.jpg\" alt=\"\" width=\"485\" height=\"280\" srcset=\"https:\/\/fundacionshe.org\/healthycommunities2030\/wp-content\/uploads\/2022\/01\/6-300x173.jpg 300w, https:\/\/fundacionshe.org\/healthycommunities2030\/wp-content\/uploads\/2022\/01\/6-1024x591.jpg 1024w, https:\/\/fundacionshe.org\/healthycommunities2030\/wp-content\/uploads\/2022\/01\/6-768x443.jpg 768w, https:\/\/fundacionshe.org\/healthycommunities2030\/wp-content\/uploads\/2022\/01\/6-1536x887.jpg 1536w, https:\/\/fundacionshe.org\/healthycommunities2030\/wp-content\/uploads\/2022\/01\/6-2048x1182.jpg 2048w\" sizes=\"(max-width: 485px) 100vw, 485px\" \/><\/p>\n<p>Des de la Fundaci\u00f3, convidem a tots els seleccionats i seleccionades a unir-se al projecte per millorar la seva salut, la dels seus i la de tota la comunitat, fent de Healthy Communities, un projecte de salut de refer\u00e8ncia al m\u00f3n sencer.<\/p>\n<p>Per a qualsevol dubte sobre el projecte, podeu enviar un correu a hc2030@fundacionshe.org o posar-vos en contacte per tel\u00e8fon o whatsapp al 670 004 817.<\/p>\n","protected":false},"excerpt":{"rendered":"<p>Ja hem enviat la segona tanda de cartes a la poblaci\u00f3 sallentina i cardonina, en la qual informem a les persones que han estat seleccionades per formar part del projecte Healthy Communities&#8230;.<\/p>\n","protected":false},"author":4,"featured_media":2248,"comment_status":"closed","ping_status":"closed","sticky":false,"template":"","format":"standard","meta":[],"categories":[56],"tags":[],"yoast_head":"<!-- This site is optimized with the Yoast SEO plugin v18.4.1 - https:\/\/yoast.com\/wordpress\/plugins\/seo\/ -->\n<title>Segona tanda d&#039;enviament de cartes i inici de tallers Healthy Communities<\/title>\n<meta name=\"description\" content=\"Ja hem enviat la segona tanda de cartes a la poblaci\u00f3 sallentina i cardonina i s&#039;han iniciat els tallers formatius a la poblaci\u00f3 intervenci\u00f3.\" \/>\n<meta name=\"robots\" content=\"index, follow, max-snippet:-1, max-image-preview:large, max-video-preview:-1\" \/>\n<link rel=\"canonical\" href=\"https:\/\/fundacionshe.org\/healthycommunities2030\/enviament-de-la-segona-tanda-de-cartes-a-sallent-i-cardona\/\" \/>\n<meta property=\"og:locale\" content=\"ca_ES\" \/>\n<meta property=\"og:type\" content=\"article\" \/>\n<meta property=\"og:title\" content=\"Segona tanda d&#039;enviament de cartes i inici de tallers Healthy Communities\" \/>\n<meta property=\"og:description\" content=\"Ja hem enviat la segona tanda de cartes a la poblaci\u00f3 sallentina i cardonina i s&#039;han iniciat els tallers formatius a la poblaci\u00f3 intervenci\u00f3.\" \/>\n<meta property=\"og:url\" content=\"https:\/\/fundacionshe.org\/healthycommunities2030\/enviament-de-la-segona-tanda-de-cartes-a-sallent-i-cardona\/\" \/>\n<meta property=\"og:site_name\" content=\"Healthy Communities 2030 - Fundaci\u00f3n SHE\" \/>\n<meta property=\"article:published_time\" content=\"2022-01-24T11:11:32+00:00\" \/>\n<meta property=\"og:image\" content=\"https:\/\/fundacionshe.org\/healthycommunities2030\/wp-content\/uploads\/2022\/01\/5-1024x571.png\" \/>\n\t<meta property=\"og:image:width\" content=\"1024\" \/>\n\t<meta property=\"og:image:height\" content=\"571\" \/>\n\t<meta property=\"og:image:type\" content=\"image\/png\" \/>\n<meta name=\"twitter:card\" content=\"summary_large_image\" \/>\n<meta name=\"twitter:label1\" content=\"Escrit per\" \/>\n\t<meta name=\"twitter:data1\" content=\"Xavier Orrit\" \/>\n\t<meta name=\"twitter:label2\" content=\"Temps estimat de lectura\" \/>\n\t<meta name=\"twitter:data2\" content=\"5 minuts\" \/>\n<script type=\"application\/ld+json\" class=\"yoast-schema-graph\">{\"@context\":\"https:\/\/schema.org\",\"@graph\":[{\"@type\":\"WebSite\",\"@id\":\"https:\/\/fundacionshe.org\/healthycommunities2030\/#website\",\"url\":\"https:\/\/fundacionshe.org\/healthycommunities2030\/\",\"name\":\"Healthy Communities 2030 - Fundaci\u00f3n SHE\",\"description\":\"Fundaci\u00f3n SHE - Foundation for Science, Health and Education\",\"potentialAction\":[{\"@type\":\"SearchAction\",\"target\":{\"@type\":\"EntryPoint\",\"urlTemplate\":\"https:\/\/fundacionshe.org\/healthycommunities2030\/?s={search_term_string}\"},\"query-input\":\"required name=search_term_string\"}],\"inLanguage\":\"ca\"},{\"@type\":\"ImageObject\",\"@id\":\"https:\/\/fundacionshe.org\/healthycommunities2030\/enviament-de-la-segona-tanda-de-cartes-a-sallent-i-cardona\/#primaryimage\",\"inLanguage\":\"ca\",\"url\":\"https:\/\/fundacionshe.org\/healthycommunities2030\/wp-content\/uploads\/2022\/01\/5.png\",\"contentUrl\":\"https:\/\/fundacionshe.org\/healthycommunities2030\/wp-content\/uploads\/2022\/01\/5.png\",\"width\":3118,\"height\":1740,\"caption\":\"Healthy Communities 5\"},{\"@type\":\"WebPage\",\"@id\":\"https:\/\/fundacionshe.org\/healthycommunities2030\/enviament-de-la-segona-tanda-de-cartes-a-sallent-i-cardona\/#webpage\",\"url\":\"https:\/\/fundacionshe.org\/healthycommunities2030\/enviament-de-la-segona-tanda-de-cartes-a-sallent-i-cardona\/\",\"name\":\"Segona tanda d'enviament de cartes i inici de tallers Healthy Communities\",\"isPartOf\":{\"@id\":\"https:\/\/fundacionshe.org\/healthycommunities2030\/#website\"},\"primaryImageOfPage\":{\"@id\":\"https:\/\/fundacionshe.org\/healthycommunities2030\/enviament-de-la-segona-tanda-de-cartes-a-sallent-i-cardona\/#primaryimage\"},\"datePublished\":\"2022-01-24T11:11:32+00:00\",\"dateModified\":\"2022-01-24T11:11:32+00:00\",\"author\":{\"@id\":\"https:\/\/fundacionshe.org\/healthycommunities2030\/#\/schema\/person\/a64e69b8eb647481f703f357d70d8512\"},\"description\":\"Ja hem enviat la segona tanda de cartes a la poblaci\u00f3 sallentina i cardonina i s'han iniciat els tallers formatius a la poblaci\u00f3 intervenci\u00f3.\",\"breadcrumb\":{\"@id\":\"https:\/\/fundacionshe.org\/healthycommunities2030\/enviament-de-la-segona-tanda-de-cartes-a-sallent-i-cardona\/#breadcrumb\"},\"inLanguage\":\"ca\",\"potentialAction\":[{\"@type\":\"ReadAction\",\"target\":[\"https:\/\/fundacionshe.org\/healthycommunities2030\/enviament-de-la-segona-tanda-de-cartes-a-sallent-i-cardona\/\"]}]},{\"@type\":\"BreadcrumbList\",\"@id\":\"https:\/\/fundacionshe.org\/healthycommunities2030\/enviament-de-la-segona-tanda-de-cartes-a-sallent-i-cardona\/#breadcrumb\",\"itemListElement\":[{\"@type\":\"ListItem\",\"position\":1,\"name\":\"Portada\",\"item\":\"https:\/\/fundacionshe.org\/healthycommunities2030\/\"},{\"@type\":\"ListItem\",\"position\":2,\"name\":\"Enviament de la segona tanda de cartes a Sallent i Cardona i inici dels tallers formatius.\"}]},{\"@type\":\"Person\",\"@id\":\"https:\/\/fundacionshe.org\/healthycommunities2030\/#\/schema\/person\/a64e69b8eb647481f703f357d70d8512\",\"name\":\"Xavier Orrit\",\"image\":{\"@type\":\"ImageObject\",\"@id\":\"https:\/\/fundacionshe.org\/healthycommunities2030\/#personlogo\",\"inLanguage\":\"ca\",\"url\":\"https:\/\/secure.gravatar.com\/avatar\/660414103c6a4a319f12f50abbe14ad8?s=96&d=mm&r=g\",\"contentUrl\":\"https:\/\/secure.gravatar.com\/avatar\/660414103c6a4a319f12f50abbe14ad8?s=96&d=mm&r=g\",\"caption\":\"Xavier Orrit\"},\"url\":\"https:\/\/fundacionshe.org\/healthycommunities2030\/author\/xorrit\/\"}]}<\/script>\n<!-- \/ Yoast SEO plugin. -->","yoast_head_json":{"title":"Segona tanda d'enviament de cartes i inici de tallers Healthy Communities","description":"Ja hem enviat la segona tanda de cartes a la poblaci\u00f3 sallentina i cardonina i s'han iniciat els tallers formatius a la poblaci\u00f3 intervenci\u00f3.","robots":{"index":"index","follow":"follow","max-snippet":"max-snippet:-1","max-image-preview":"max-image-preview:large","max-video-preview":"max-video-preview:-1"},"canonical":"https:\/\/fundacionshe.org\/healthycommunities2030\/enviament-de-la-segona-tanda-de-cartes-a-sallent-i-cardona\/","og_locale":"ca_ES","og_type":"article","og_title":"Segona tanda d'enviament de cartes i inici de tallers Healthy Communities","og_description":"Ja hem enviat la segona tanda de cartes a la poblaci\u00f3 sallentina i cardonina i s'han iniciat els tallers formatius a la poblaci\u00f3 intervenci\u00f3.","og_url":"https:\/\/fundacionshe.org\/healthycommunities2030\/enviament-de-la-segona-tanda-de-cartes-a-sallent-i-cardona\/","og_site_name":"Healthy Communities 2030 - Fundaci\u00f3n SHE","article_published_time":"2022-01-24T11:11:32+00:00","og_image":[{"width":1024,"height":571,"url":"https:\/\/fundacionshe.org\/healthycommunities2030\/wp-content\/uploads\/2022\/01\/5-1024x571.png","type":"image\/png"}],"twitter_card":"summary_large_image","twitter_misc":{"Escrit per":"Xavier Orrit","Temps estimat de lectura":"5 minuts"},"schema":{"@context":"https:\/\/schema.org","@graph":[{"@type":"WebSite","@id":"https:\/\/fundacionshe.org\/healthycommunities2030\/#website","url":"https:\/\/fundacionshe.org\/healthycommunities2030\/","name":"Healthy Communities 2030 - Fundaci\u00f3n SHE","description":"Fundaci\u00f3n SHE - Foundation for Science, Health and Education","potentialAction":[{"@type":"SearchAction","target":{"@type":"EntryPoint","urlTemplate":"https:\/\/fundacionshe.org\/healthycommunities2030\/?s={search_term_string}"},"query-input":"required name=search_term_string"}],"inLanguage":"ca"},{"@type":"ImageObject","@id":"https:\/\/fundacionshe.org\/healthycommunities2030\/enviament-de-la-segona-tanda-de-cartes-a-sallent-i-cardona\/#primaryimage","inLanguage":"ca","url":"https:\/\/fundacionshe.org\/healthycommunities2030\/wp-content\/uploads\/2022\/01\/5.png","contentUrl":"https:\/\/fundacionshe.org\/healthycommunities2030\/wp-content\/uploads\/2022\/01\/5.png","width":3118,"height":1740,"caption":"Healthy Communities 5"},{"@type":"WebPage","@id":"https:\/\/fundacionshe.org\/healthycommunities2030\/enviament-de-la-segona-tanda-de-cartes-a-sallent-i-cardona\/#webpage","url":"https:\/\/fundacionshe.org\/healthycommunities2030\/enviament-de-la-segona-tanda-de-cartes-a-sallent-i-cardona\/","name":"Segona tanda d'enviament de cartes i inici de tallers Healthy Communities","isPartOf":{"@id":"https:\/\/fundacionshe.org\/healthycommunities2030\/#website"},"primaryImageOfPage":{"@id":"https:\/\/fundacionshe.org\/healthycommunities2030\/enviament-de-la-segona-tanda-de-cartes-a-sallent-i-cardona\/#primaryimage"},"datePublished":"2022-01-24T11:11:32+00:00","dateModified":"2022-01-24T11:11:32+00:00","author":{"@id":"https:\/\/fundacionshe.org\/healthycommunities2030\/#\/schema\/person\/a64e69b8eb647481f703f357d70d8512"},"description":"Ja hem enviat la segona tanda de cartes a la poblaci\u00f3 sallentina i cardonina i s'han iniciat els tallers formatius a la poblaci\u00f3 intervenci\u00f3.","breadcrumb":{"@id":"https:\/\/fundacionshe.org\/healthycommunities2030\/enviament-de-la-segona-tanda-de-cartes-a-sallent-i-cardona\/#breadcrumb"},"inLanguage":"ca","potentialAction":[{"@type":"ReadAction","target":["https:\/\/fundacionshe.org\/healthycommunities2030\/enviament-de-la-segona-tanda-de-cartes-a-sallent-i-cardona\/"]}]},{"@type":"BreadcrumbList","@id":"https:\/\/fundacionshe.org\/healthycommunities2030\/enviament-de-la-segona-tanda-de-cartes-a-sallent-i-cardona\/#breadcrumb","itemListElement":[{"@type":"ListItem","position":1,"name":"Portada","item":"https:\/\/fundacionshe.org\/healthycommunities2030\/"},{"@type":"ListItem","position":2,"name":"Enviament de la segona tanda de cartes a Sallent i Cardona i inici dels tallers formatius."}]},{"@type":"Person","@id":"https:\/\/fundacionshe.org\/healthycommunities2030\/#\/schema\/person\/a64e69b8eb647481f703f357d70d8512","name":"Xavier Orrit","image":{"@type":"ImageObject","@id":"https:\/\/fundacionshe.org\/healthycommunities2030\/#personlogo","inLanguage":"ca","url":"https:\/\/secure.gravatar.com\/avatar\/660414103c6a4a319f12f50abbe14ad8?s=96&d=mm&r=g","contentUrl":"https:\/\/secure.gravatar.com\/avatar\/660414103c6a4a319f12f50abbe14ad8?s=96&d=mm&r=g","caption":"Xavier Orrit"},"url":"https:\/\/fundacionshe.org\/healthycommunities2030\/author\/xorrit\/"}]}},"_links":{"self":[{"href":"https:\/\/fundacionshe.org\/healthycommunities2030\/wp-json\/wp\/v2\/posts\/2242"}],"collection":[{"href":"https:\/\/fundacionshe.org\/healthycommunities2030\/wp-json\/wp\/v2\/posts"}],"about":[{"href":"https:\/\/fundacionshe.org\/healthycommunities2030\/wp-json\/wp\/v2\/types\/post"}],"author":[{"embeddable":true,"href":"https:\/\/fundacionshe.org\/healthycommunities2030\/wp-json\/wp\/v2\/users\/4"}],"replies":[{"embeddable":true,"href":"https:\/\/fundacionshe.org\/healthycommunities2030\/wp-json\/wp\/v2\/comments?post=2242"}],"version-history":[{"count":15,"href":"https:\/\/fundacionshe.org\/healthycommunities2030\/wp-json\/wp\/v2\/posts\/2242\/revisions"}],"predecessor-version":[{"id":2263,"href":"https:\/\/fundacionshe.org\/healthycommunities2030\/wp-json\/wp\/v2\/posts\/2242\/revisions\/2263"}],"wp:featuredmedia":[{"embeddable":true,"href":"https:\/\/fundacionshe.org\/healthycommunities2030\/wp-json\/wp\/v2\/media\/2248"}],"wp:attachment":[{"href":"https:\/\/fundacionshe.org\/healthycommunities2030\/wp-json\/wp\/v2\/media?parent=2242"}],"wp:term":[{"taxonomy":"category","embeddable":true,"href":"https:\/\/fundacionshe.org\/healthycommunities2030\/wp-json\/wp\/v2\/categories?post=2242"},{"taxonomy":"post_tag","embeddable":true,"href":"https:\/\/fundacionshe.org\/healthycommunities2030\/wp-json\/wp\/v2\/tags?post=2242"}],"curies":[{"name":"wp","href":"https:\/\/api.w.org\/{rel}","templated":true}]}}